{"id":1720,"date":"2024-01-11T20:13:05","date_gmt":"2024-01-11T19:13:05","guid":{"rendered":"https:\/\/srv-juriste-victimes.fr\/?p=1720"},"modified":"2026-02-24T10:43:13","modified_gmt":"2026-02-24T09:43:13","slug":"la-pension-alimentaire-et-le-partage-des-frais-exceptionnels-un-equilibre-delicat","status":"publish","type":"post","link":"https:\/\/srv-juriste-victimes.fr\/index.php\/2024\/01\/11\/la-pension-alimentaire-et-le-partage-des-frais-exceptionnels-un-equilibre-delicat\/","title":{"rendered":"La Pension Alimentaire et le Partage des Frais Exceptionnels : Un \u00e9quilibre D\u00e9licat"},"content":{"rendered":"\n<div class=\"wp-block-uagb-container uagb-block-d5a62703 alignfull uagb-is-root-container\"><div class=\"uagb-container-inner-blocks-wrap\">\n<div class=\"wp-block-uagb-image alignleft uagb-block-39dfa771 wp-block-uagb-image--layout-default wp-block-uagb-image--effect-static wp-block-uagb-image--align-left\"><figure class=\"wp-block-uagb-image__figure\"><img decoding=\"async\" srcset=\"https:\/\/srv-juriste-victimes.fr\/wp-content\/uploads\/2024\/01\/child-5033381_1280-1024x678.jpg ,https:\/\/srv-juriste-victimes.fr\/wp-content\/uploads\/2024\/01\/child-5033381_1280.jpg 780w, https:\/\/srv-juriste-victimes.fr\/wp-content\/uploads\/2024\/01\/child-5033381_1280.jpg 360w\" sizes=\"auto, (max-width: 480px) 150px\" src=\"https:\/\/srv-juriste-victimes.fr\/wp-content\/uploads\/2024\/01\/child-5033381_1280-1024x678.jpg\" alt=\"Pension alimentaire\" class=\"uag-image-1719\" width=\"1024\" height=\"678\" title=\"child-5033381_1280\" loading=\"lazy\" role=\"img\"\/><\/figure><\/div>\n<\/div><\/div>\n\n\n\n<div class=\"wp-block-uagb-container uagb-block-d1f8cef2 alignfull uagb-is-root-container\"><div class=\"uagb-container-inner-blocks-wrap\">\n<p class=\"wp-embed-aspect-16-9 wp-has-aspect-ratio has-small-font-size\" style=\"margin-top:var(--wp--preset--spacing--30);margin-bottom:var(--wp--preset--spacing--30)\"><span style=\"font-size: 12pt; font-family: &quot;Times New Roman&quot;, serif; background-color: transparent; color: rgb(0, 0, 0); white-space-collapse: collapse;\"><strong>Dans ma pratique, la question de la pension alimentaire et le partage des frais exceptionnels sont sources de conflits et favorisent le continuum des violences conjugales.<\/strong><\/span><\/p>\n\n\n\n<p class=\"wp-embed-aspect-16-9 wp-has-aspect-ratio has-small-font-size\" style=\"margin-top:var(--wp--preset--spacing--30);margin-bottom:var(--wp--preset--spacing--30);line-height:2\">Rappelons que ces deux \u00e9l\u00e9ments visent \u00e0 assurer le bien-\u00eatre financier des enfants tout en tenant compte des d\u00e9penses extraordinaires qui peuvent survenir.<\/p>\n\n\n\n<div class=\"wp-block-uagb-advanced-heading uagb-block-f826683d wp-embed-aspect-16-9 wp-has-aspect-ratio\"><h2 class=\"uagb-heading-text\">La pension alimentaire<\/h2><\/div>\n\n\n\n<p class=\"wp-embed-aspect-16-9 wp-has-aspect-ratio has-small-font-size\" style=\"margin-top:var(--wp--preset--spacing--30);margin-bottom:var(--wp--preset--spacing--30);line-height:2\">La pension alimentaire est une contribution financi\u00e8re vers\u00e9e par l&rsquo;un des parents \u00e0 l&rsquo;autre pour subvenir aux besoins de leurs enfants. L&rsquo;objectif premier est d&rsquo;assurer que les enfants b\u00e9n\u00e9ficient d&rsquo;un niveau de vie \u00e9quivalent \u00e0 celui qu&rsquo;ils auraient eu si les parents \u00e9taient rest\u00e9s ensemble. Le montant de la pension alimentaire est souvent d\u00e9termin\u00e9 en fonction des revenus des parents, des besoins des enfants et d&rsquo;autres facteurs l\u00e9gaux.<\/p>\n\n\n\n<div class=\"wp-block-uagb-advanced-heading uagb-block-d0f5a0b7 wp-embed-aspect-16-9 wp-has-aspect-ratio\"><h2 class=\"uagb-heading-text\">Le partage des frais exceptionnels<\/h2><\/div>\n\n\n\n<p class=\"wp-embed-aspect-16-9 wp-has-aspect-ratio has-small-font-size\" style=\"margin-top:var(--wp--preset--spacing--30);margin-bottom:var(--wp--preset--spacing--30);line-height:2\">Outre la pension alimentaire, il est courant que des frais exceptionnels surviennent, tels que des frais m\u00e9dicaux, scolaires ou li\u00e9s aux activit\u00e9s extra-scolaires des enfants. Ces co\u00fbts ne sont pas inclus dans la pension alimentaire r\u00e9guli\u00e8re, car ils sont consid\u00e9r\u00e9s comme des d\u00e9penses ponctuelles et impr\u00e9visibles. La mani\u00e8re dont ces frais sont partag\u00e9s entre les parents d\u00e9pend souvent de l&rsquo;accord entre eux ou des d\u00e9cisions prises par le tribunal en cas de d\u00e9saccord.<\/p>\n\n\n\n<p class=\"wp-embed-aspect-16-9 wp-has-aspect-ratio has-small-font-size\" style=\"margin-top:var(--wp--preset--spacing--30);margin-bottom:var(--wp--preset--spacing--30)\">Principes de Base pour le Partage des Frais Exceptionnels :<\/p>\n\n\n\n<ol style=\"margin-top:var(--wp--preset--spacing--30);margin-bottom:var(--wp--preset--spacing--30);list-style-type:video\" class=\"wp-block-list wp-embed-aspect-16-9 wp-has-aspect-ratio\">\n<li class=\"has-small-font-size\" style=\"line-height:2\"><strong>Communication :<\/strong> Une communication ouverte entre les parents est essentielle pour discuter des besoins exceptionnels des enfants et parvenir \u00e0 un accord sur la mani\u00e8re de partager les co\u00fbts.<\/li>\n\n\n\n<li class=\"has-small-font-size\" style=\"line-height:2\"><strong>Accord \u00c9crit :<\/strong> Il est recommand\u00e9 d&rsquo;avoir un accord \u00e9crit sp\u00e9cifiant comment les frais exceptionnels seront partag\u00e9s. Cela peut inclure la d\u00e9finition des types de d\u00e9penses couverts et la mani\u00e8re dont les remboursements seront effectu\u00e9s.<\/li>\n\n\n\n<li class=\"has-small-font-size\" style=\"line-height:2\"><strong>Flexibilit\u00e9 :<\/strong> La flexibilit\u00e9 est cruciale, car les d\u00e9penses exceptionnelles peuvent varier en fonction des circonstances. Les parents devraient \u00eatre pr\u00eats \u00e0 ajuster leur accord en cas de besoin.<\/li>\n<\/ol>\n\n\n\n<p class=\"wp-embed-aspect-16-9 wp-has-aspect-ratio has-small-font-size\" style=\"margin-top:var(--wp--preset--spacing--30);margin-bottom:var(--wp--preset--spacing--30);line-height:2\">En cas de d\u00e9saccord persistant sur le partage des frais exceptionnels, les parents peuvent saisir le JAF. Ce dernier examinera les circonstances individuelles et prendra des d\u00e9cisions bas\u00e9es sur l&rsquo;int\u00e9r\u00eat sup\u00e9rieur de l&rsquo;enfant. Il est donc essentiel de documenter clairement les d\u00e9penses et de fournir des preuves en cas de litige.<\/p>\n\n\n\n<p class=\"wp-embed-aspect-16-9 wp-has-aspect-ratio has-small-font-size\" style=\"margin-top:var(--wp--preset--spacing--30);margin-bottom:var(--wp--preset--spacing--30);line-height:2\">Vous vous interrogez sur la liste des frais exceptionnels \u00e0 proposer&nbsp;? les modalit\u00e9s de r\u00e8glement&nbsp;? l\u2019opportunit\u00e9 de saisir la JAF&nbsp;ou non&nbsp;?<\/p>\n\n\n\n<p class=\"wp-embed-aspect-16-9 wp-has-aspect-ratio has-small-font-size\" style=\"margin-top:var(--wp--preset--spacing--30);margin-bottom:var(--wp--preset--spacing--30);line-height:2\">Je vous accompagne pour vous informer de vos droits sur ces questions juridiques sensibles.<\/p>\n\n\n\n<hr class=\"wp-block-separator has-alpha-channel-opacity wp-embed-aspect-16-9 wp-has-aspect-ratio\" style=\"margin-top:var(--wp--preset--spacing--30);margin-bottom:var(--wp--preset--spacing--30)\"\/>\n\n\n\n<div class=\"wp-block-uagb-advanced-heading uagb-block-2d0b9e30 wp-embed-aspect-16-9 wp-has-aspect-ratio\"><h3 class=\"uagb-heading-text\">Pour aller plus loin<\/h3><\/div>\n\n\n\n<p class=\"wp-embed-aspect-16-9 wp-has-aspect-ratio has-small-font-size\" style=\"margin-top:var(--wp--preset--spacing--30);margin-bottom:var(--wp--preset--spacing--30);line-height:2\">Suite \u00e0 une s\u00e9paration, vous vous posez des questions sur la pension alimentaire pour vos enfants ? L&rsquo;agence de recouvrement et d&rsquo;interm\u00e9diation des pensions alimentaires (ARIPA) est l\u00e0 pour aider les parents \u00e0 calculer le montant de la pension et \u00e0 d\u00e9livrer gratuitement un titre ex\u00e9cutoire. L&rsquo;Aripa sert \u00e9galement d&rsquo;interm\u00e9diaire pour le versement de cette pension alimentaire et recouvrement des arri\u00e9r\u00e9s.<\/p>\n\n\n\n<p class=\"wp-embed-aspect-16-9 wp-has-aspect-ratio has-medium-font-size\" style=\"margin-top:var(--wp--preset--spacing--30);margin-bottom:var(--wp--preset--spacing--30)\">L\u2019ARIPA r\u00e9pond \u00e0 toutes vos questions&nbsp;:<\/p>\n\n\n\n<figure class=\"wp-block-embed is-type-video is-provider-youtube wp-block-embed-youtube wp-embed-aspect-16-9 wp-has-aspect-ratio\" style=\"margin-top:var(--wp--preset--spacing--30);margin-bottom:var(--wp--preset--spacing--30)\"><div class=\"wp-block-embed__wrapper\">\n<iframe loading=\"lazy\" title=\"Pension alimentaire : le service de l&#039;ARIPA r\u00e9pond \u00e0 vos questions\" width=\"500\" height=\"281\" src=\"https:\/\/www.youtube.com\/embed\/l3IXDm065n8?feature=oembed\" frameborder=\"0\" allow=\"accelerometer; autoplay; clipboard-write; encrypted-media; gyroscope; picture-in-picture; web-share\" referrerpolicy=\"strict-origin-when-cross-origin\" allowfullscreen><\/iframe>\n<\/div><figcaption class=\"wp-element-caption\">Pension alimentaire : le service de l&rsquo;ARIPA r\u00e9pond \u00e0 vos questions<\/figcaption><\/figure>\n<\/div><\/div>\n\n\n\n<div class=\"wp-block-uagb-container uagb-block-a116ad07 alignfull uagb-is-root-container\"><div class=\"uagb-container-inner-blocks-wrap\">\n\t\t\t<div class=\"wp-block-uagb-post-carousel uagb-post-grid  uagb-post__image-position-background uagb-post__image-enabled uagb-block-afcf7b5b     uagb-post__arrow-outside uagb-slick-carousel uagb-post__items uagb-post__columns-3 is-carousel uagb-post__columns-tablet-2 uagb-post__columns-mobile-1 uagb-post__carousel_equal-height\" data-total=\"4\" style=\"\">\n\n\t\t\t\t\t\t\t\t\t\t\t\t<article class=\"uagb-post__inner-wrap\">\t\t\t\t\t\t\t\t<h4 class=\"uagb-post__title uagb-post__text\">\n\t\t\t\t<a href=\"https:\/\/srv-juriste-victimes.fr\/index.php\/2026\/02\/23\/relier-transmettre-faire-evoluer-les-pratiques-un-role-de-trait-dunion\/\" target=\"_self\" rel=\"bookmark noopener noreferrer\">Relier, transmettre, faire \u00e9voluer les pratiques : un r\u00f4le de trait d&rsquo;union<\/a>\n\t\t\t<\/h4>\n\t\t\t\t\t\t<div class='uagb-post__text uagb-post-grid-byline'>\n\t\t\t\t\t\t\t\t<time datetime=\"2026-02-23T16:41:00+01:00\" class=\"uagb-post__date\">\n\t\t\t\t<span class=\"dashicons-calendar dashicons\"><\/span>\t\t\t\t\t23 f\u00e9vrier 2026\t\t\t\t<\/time>\n\t\t\t\t\t\t\t<span class=\"uagb-post__comment\">\n\t\t\t\t<span class=\"dashicons-admin-comments dashicons\"><\/span>\t\t\t\t\tAucun commentaire\t\t\t\t<\/span>\n\t\t\t\t\t\t<\/div>\n\t\t\t\t\t\t<div class=\"uagb-post__text uagb-post__cta wp-block-button\">\n\t\t\t\t<a class=\"wp-block-button__link uagb-text-link\" style=\"\" href=\"https:\/\/srv-juriste-victimes.fr\/index.php\/2026\/02\/23\/relier-transmettre-faire-evoluer-les-pratiques-un-role-de-trait-dunion\/\" target=\"_self\" rel=\"bookmark noopener noreferrer\">Lire la suite<\/a>\n\t\t\t<\/div>\n\t\t\t\t\t\t<div class='uagb-post__image'>\n\t\t\t\t\t\t\t<\/div>\n\t\t\t\n\t\t\t\t\t\t\t\t\t<\/article>\n\t\t\t\t\t\t\t\t\t\t\t\t\t\t\t\t<article class=\"uagb-post__inner-wrap\">\t\t\t\t\t\t\t\t<h4 class=\"uagb-post__title uagb-post__text\">\n\t\t\t\t<a href=\"https:\/\/srv-juriste-victimes.fr\/index.php\/2026\/02\/23\/accompagner-les-victimes-pas-a-pas-le-coeur-du-metier-de-juriste-specialisee-en-victimologie\/\" target=\"_self\" rel=\"bookmark noopener noreferrer\">Accompagner les victimes pas \u00e0 pas : le c\u0153ur du m\u00e9tier de juriste sp\u00e9cialis\u00e9e en victimologie<\/a>\n\t\t\t<\/h4>\n\t\t\t\t\t\t<div class='uagb-post__text uagb-post-grid-byline'>\n\t\t\t\t\t\t\t\t<time datetime=\"2026-02-23T16:40:40+01:00\" class=\"uagb-post__date\">\n\t\t\t\t<span class=\"dashicons-calendar dashicons\"><\/span>\t\t\t\t\t23 f\u00e9vrier 2026\t\t\t\t<\/time>\n\t\t\t\t\t\t\t<span class=\"uagb-post__comment\">\n\t\t\t\t<span class=\"dashicons-admin-comments dashicons\"><\/span>\t\t\t\t\tAucun commentaire\t\t\t\t<\/span>\n\t\t\t\t\t\t<\/div>\n\t\t\t\t\t\t<div class=\"uagb-post__text uagb-post__cta wp-block-button\">\n\t\t\t\t<a class=\"wp-block-button__link uagb-text-link\" style=\"\" href=\"https:\/\/srv-juriste-victimes.fr\/index.php\/2026\/02\/23\/accompagner-les-victimes-pas-a-pas-le-coeur-du-metier-de-juriste-specialisee-en-victimologie\/\" target=\"_self\" rel=\"bookmark noopener noreferrer\">Lire la suite<\/a>\n\t\t\t<\/div>\n\t\t\t\t\t\t<div class='uagb-post__image'>\n\t\t\t\t\t\t\t<\/div>\n\t\t\t\n\t\t\t\t\t\t\t\t\t<\/article>\n\t\t\t\t\t\t\t\t\t\t\t\t\t\t\t\t<article class=\"uagb-post__inner-wrap\">\t\t\t\t\t\t\t\t<h4 class=\"uagb-post__title uagb-post__text\">\n\t\t\t\t<a href=\"https:\/\/srv-juriste-victimes.fr\/index.php\/2026\/02\/23\/juriste-specialisee-en-victimologie-un-engagement-un-parcours-une-vocation\/\" target=\"_self\" rel=\"bookmark noopener noreferrer\">Juriste sp\u00e9cialis\u00e9e en victimologie : un engagement, un parcours, une vocation<\/a>\n\t\t\t<\/h4>\n\t\t\t\t\t\t<div class='uagb-post__text uagb-post-grid-byline'>\n\t\t\t\t\t\t\t\t<time datetime=\"2026-02-23T16:39:31+01:00\" class=\"uagb-post__date\">\n\t\t\t\t<span class=\"dashicons-calendar dashicons\"><\/span>\t\t\t\t\t23 f\u00e9vrier 2026\t\t\t\t<\/time>\n\t\t\t\t\t\t\t<span class=\"uagb-post__comment\">\n\t\t\t\t<span class=\"dashicons-admin-comments dashicons\"><\/span>\t\t\t\t\tAucun commentaire\t\t\t\t<\/span>\n\t\t\t\t\t\t<\/div>\n\t\t\t\t\t\t<div class=\"uagb-post__text uagb-post__cta wp-block-button\">\n\t\t\t\t<a class=\"wp-block-button__link uagb-text-link\" style=\"\" href=\"https:\/\/srv-juriste-victimes.fr\/index.php\/2026\/02\/23\/juriste-specialisee-en-victimologie-un-engagement-un-parcours-une-vocation\/\" target=\"_self\" rel=\"bookmark noopener noreferrer\">Lire la suite<\/a>\n\t\t\t<\/div>\n\t\t\t\t\t\t<div class='uagb-post__image'>\n\t\t\t\t\t\t\t<\/div>\n\t\t\t\n\t\t\t\t\t\t\t\t\t<\/article>\n\t\t\t\t\t\t\t\t\t\t\t\t\t\t\t\t<article class=\"uagb-post__inner-wrap\">\t\t\t\t\t\t\t\t<h4 class=\"uagb-post__title uagb-post__text\">\n\t\t\t\t<a href=\"https:\/\/srv-juriste-victimes.fr\/index.php\/2025\/01\/26\/devoir-conjugal-viol-conjugal-divorce-pour-faute\/\" target=\"_self\" rel=\"bookmark noopener noreferrer\">Devoir conjugal, viol conjugal, divorce pour faute<\/a>\n\t\t\t<\/h4>\n\t\t\t\t\t\t<div class='uagb-post__text uagb-post-grid-byline'>\n\t\t\t\t\t\t\t\t<time datetime=\"2025-01-26T12:55:30+01:00\" class=\"uagb-post__date\">\n\t\t\t\t<span class=\"dashicons-calendar dashicons\"><\/span>\t\t\t\t\t26 janvier 2025\t\t\t\t<\/time>\n\t\t\t\t\t\t\t<span class=\"uagb-post__comment\">\n\t\t\t\t<span class=\"dashicons-admin-comments dashicons\"><\/span>\t\t\t\t\tAucun commentaire\t\t\t\t<\/span>\n\t\t\t\t\t\t<\/div>\n\t\t\t\t\t\t<div class=\"uagb-post__text uagb-post__cta wp-block-button\">\n\t\t\t\t<a class=\"wp-block-button__link uagb-text-link\" style=\"\" href=\"https:\/\/srv-juriste-victimes.fr\/index.php\/2025\/01\/26\/devoir-conjugal-viol-conjugal-divorce-pour-faute\/\" target=\"_self\" rel=\"bookmark noopener noreferrer\">Lire la suite<\/a>\n\t\t\t<\/div>\n\t\t\t\t\t\t<div class='uagb-post__image'>\n\t\t\t\t\t\t\t<\/div>\n\t\t\t\n\t\t\t\t\t\t\t\t\t<\/article>\n\t\t\t\t\t\t\t\t\t\t\t\t\t\t\t\t<article class=\"uagb-post__inner-wrap\">\t\t\t\t\t\t\t\t<h4 class=\"uagb-post__title uagb-post__text\">\n\t\t\t\t<a href=\"https:\/\/srv-juriste-victimes.fr\/index.php\/2024\/11\/05\/les-violences-conjugales-ca-concerne-qui\/\" target=\"_self\" rel=\"bookmark noopener noreferrer\">Les violences conjugales, \u00e7a concerne qui ?<\/a>\n\t\t\t<\/h4>\n\t\t\t\t\t\t<div class='uagb-post__text uagb-post-grid-byline'>\n\t\t\t\t\t\t\t\t<time datetime=\"2024-11-05T14:12:29+01:00\" class=\"uagb-post__date\">\n\t\t\t\t<span class=\"dashicons-calendar dashicons\"><\/span>\t\t\t\t\t5 novembre 2024\t\t\t\t<\/time>\n\t\t\t\t\t\t\t<span class=\"uagb-post__comment\">\n\t\t\t\t<span class=\"dashicons-admin-comments dashicons\"><\/span>\t\t\t\t\tAucun commentaire\t\t\t\t<\/span>\n\t\t\t\t\t\t<\/div>\n\t\t\t\t\t\t<div class=\"uagb-post__text uagb-post__cta wp-block-button\">\n\t\t\t\t<a class=\"wp-block-button__link uagb-text-link\" style=\"\" href=\"https:\/\/srv-juriste-victimes.fr\/index.php\/2024\/11\/05\/les-violences-conjugales-ca-concerne-qui\/\" target=\"_self\" rel=\"bookmark noopener noreferrer\">Lire la suite<\/a>\n\t\t\t<\/div>\n\t\t\t\t\t\t<div class='uagb-post__image'>\n\t\t\t\t\t\t\t\t\t<a href=\"https:\/\/srv-juriste-victimes.fr\/index.php\/2024\/11\/05\/les-violences-conjugales-ca-concerne-qui\/\" target=\"_self\" rel=\"bookmark noopener noreferrer\"><img loading=\"lazy\" decoding=\"async\" width=\"150\" height=\"150\" src=\"https:\/\/srv-juriste-victimes.fr\/wp-content\/uploads\/2024\/11\/pexels-alex-green-5699466-150x150.jpg\" class=\"attachment-thumbnail size-thumbnail\" alt=\"Les violences conjugales, \u00e7a concerne qui ?\" \/>\t\t\t\t\t<\/a>\n\t\t\t\t\t\t\t\t\t<\/div>\n\t\t\t\n\t\t\t\t\t\t\t\t\t<\/article>\n\t\t\t\t\t\t\t\t\t\t\t\t\t\t\t\t<article class=\"uagb-post__inner-wrap\">\t\t\t\t\t\t\t\t<h4 class=\"uagb-post__title uagb-post__text\">\n\t\t\t\t<a href=\"https:\/\/srv-juriste-victimes.fr\/index.php\/2024\/11\/05\/connaissez-vous-les-violences-conjugales-economiques-que-vivent-certains-salaries\/\" target=\"_self\" rel=\"bookmark noopener noreferrer\">Connaissez-vous les violences conjugales \u00e9conomiques que vivent certains salari\u00e9s ?<\/a>\n\t\t\t<\/h4>\n\t\t\t\t\t\t<div class='uagb-post__text uagb-post-grid-byline'>\n\t\t\t\t\t\t\t\t<time datetime=\"2024-11-05T13:38:51+01:00\" class=\"uagb-post__date\">\n\t\t\t\t<span class=\"dashicons-calendar dashicons\"><\/span>\t\t\t\t\t5 novembre 2024\t\t\t\t<\/time>\n\t\t\t\t\t\t\t<span class=\"uagb-post__comment\">\n\t\t\t\t<span class=\"dashicons-admin-comments dashicons\"><\/span>\t\t\t\t\tAucun commentaire\t\t\t\t<\/span>\n\t\t\t\t\t\t<\/div>\n\t\t\t\t\t\t<div class=\"uagb-post__text uagb-post__cta wp-block-button\">\n\t\t\t\t<a class=\"wp-block-button__link uagb-text-link\" style=\"\" href=\"https:\/\/srv-juriste-victimes.fr\/index.php\/2024\/11\/05\/connaissez-vous-les-violences-conjugales-economiques-que-vivent-certains-salaries\/\" target=\"_self\" rel=\"bookmark noopener noreferrer\">Lire la suite<\/a>\n\t\t\t<\/div>\n\t\t\t\t\t\t<div class='uagb-post__image'>\n\t\t\t\t\t\t\t\t\t<a href=\"https:\/\/srv-juriste-victimes.fr\/index.php\/2024\/11\/05\/connaissez-vous-les-violences-conjugales-economiques-que-vivent-certains-salaries\/\" target=\"_self\" rel=\"bookmark noopener noreferrer\"><img loading=\"lazy\" decoding=\"async\" width=\"150\" height=\"150\" src=\"https:\/\/srv-juriste-victimes.fr\/wp-content\/uploads\/2024\/11\/pexels-pixabay-259165-150x150.jpg\" class=\"attachment-thumbnail size-thumbnail\" alt=\"Violence \u00e9conomique\" \/>\t\t\t\t\t<\/a>\n\t\t\t\t\t\t\t\t\t<\/div>\n\t\t\t\n\t\t\t\t\t\t\t\t\t<\/article>\n\t\t\t\t\t\t\t\t\t\t\t<\/div>\n\t\t\t<\/div><\/div>\n","protected":false},"excerpt":{"rendered":"<p>Dans ma pratique, la question de la pension alimentaire et le partage des frais exceptionnels sont sources de conflits et favorisent le continuum des violences conjugales. Rappelons que ces deux \u00e9l\u00e9ments visent \u00e0 assurer le bien-\u00eatre financier des enfants tout en tenant compte des d\u00e9penses extraordinaires qui peuvent survenir. La pension alimentaire La pension alimentaire [&hellip;]<\/p>\n","protected":false},"author":3,"featured_media":1719,"comment_status":"open","ping_status":"open","sticky":false,"template":"","format":"standard","meta":{"_acf_changed":false,"_seopress_robots_primary_cat":"","_seopress_titles_title":"La Pension Alimentaire et le Partage des Frais Exceptionnels : Un \u00e9quilibre D\u00e9licat","_seopress_titles_desc":" Pension Alimentaire et le Partage des Frais","_seopress_robots_index":"","_uag_custom_page_level_css":"","site-sidebar-layout":"default","site-content-layout":"","ast-site-content-layout":"default","site-content-style":"default","site-sidebar-style":"default","ast-global-header-display":"","ast-banner-title-visibility":"","ast-main-header-display":"","ast-hfb-above-header-display":"","ast-hfb-below-header-display":"","ast-hfb-mobile-header-display":"","site-post-title":"","ast-breadcrumbs-content":"","ast-featured-img":"","footer-sml-layout":"","ast-disable-related-posts":"","theme-transparent-header-meta":"","adv-header-id-meta":"","stick-header-meta":"","header-above-stick-meta":"","header-main-stick-meta":"","header-below-stick-meta":"","astra-migrate-meta-layouts":"set","ast-page-background-enabled":"default","ast-page-background-meta":{"desktop":{"background-color":"var(--ast-global-color-4)","background-image":"","background-repeat":"repeat","background-position":"center center","background-size":"auto","background-attachment":"scroll","background-type":"","background-media":"","overlay-type":"","overlay-color":"","overlay-opacity":"","overlay-gradient":""},"tablet":{"background-color":"","background-image":"","background-repeat":"repeat","background-position":"center center","background-size":"auto","background-attachment":"scroll","background-type":"","background-media":"","overlay-type":"","overlay-color":"","overlay-opacity":"","overlay-gradient":""},"mobile":{"background-color":"","background-image":"","background-repeat":"repeat","background-position":"center center","background-size":"auto","background-attachment":"scroll","background-type":"","background-media":"","overlay-type":"","overlay-color":"","overlay-opacity":"","overlay-gradient":""}},"ast-content-background-meta":{"desktop":{"background-color":"var(--ast-global-color-5)","background-image":"","background-repeat":"repeat","background-position":"center center","background-size":"auto","background-attachment":"scroll","background-type":"","background-media":"","overlay-type":"","overlay-color":"","overlay-opacity":"","overlay-gradient":""},"tablet":{"background-color":"var(--ast-global-color-5)","background-image":"","background-repeat":"repeat","background-position":"center center","background-size":"auto","background-attachment":"scroll","background-type":"","background-media":"","overlay-type":"","overlay-color":"","overlay-opacity":"","overlay-gradient":""},"mobile":{"background-color":"var(--ast-global-color-5)","background-image":"","background-repeat":"repeat","background-position":"center center","background-size":"auto","background-attachment":"scroll","background-type":"","background-media":"","overlay-type":"","overlay-color":"","overlay-opacity":"","overlay-gradient":""}},"footnotes":""},"categories":[6],"tags":[],"class_list":["post-1720","post","type-post","status-publish","format-standard","has-post-thumbnail","hentry","category-droit-de-la-famille"],"acf":[],"uagb_featured_image_src":{"full":["https:\/\/srv-juriste-victimes.fr\/wp-content\/uploads\/2024\/01\/child-5033381_1280.jpg",1087,720,false],"thumbnail":["https:\/\/srv-juriste-victimes.fr\/wp-content\/uploads\/2024\/01\/child-5033381_1280-150x150.jpg",150,150,true],"medium":["https:\/\/srv-juriste-victimes.fr\/wp-content\/uploads\/2024\/01\/child-5033381_1280-300x199.jpg",300,199,true],"medium_large":["https:\/\/srv-juriste-victimes.fr\/wp-content\/uploads\/2024\/01\/child-5033381_1280-768x509.jpg",768,509,true],"large":["https:\/\/srv-juriste-victimes.fr\/wp-content\/uploads\/2024\/01\/child-5033381_1280-1024x678.jpg",1024,678,true],"1536x1536":["https:\/\/srv-juriste-victimes.fr\/wp-content\/uploads\/2024\/01\/child-5033381_1280.jpg",1087,720,false],"2048x2048":["https:\/\/srv-juriste-victimes.fr\/wp-content\/uploads\/2024\/01\/child-5033381_1280.jpg",1087,720,false]},"uagb_author_info":{"display_name":"SRV","author_link":"https:\/\/srv-juriste-victimes.fr\/index.php\/author\/srv\/"},"uagb_comment_info":0,"uagb_excerpt":"Dans ma pratique, la question de la pension alimentaire et le partage des frais exceptionnels sont sources de conflits et favorisent le continuum des violences conjugales. Rappelons que ces deux \u00e9l\u00e9ments visent \u00e0 assurer le bien-\u00eatre financier des enfants tout en tenant compte des d\u00e9penses extraordinaires qui peuvent survenir. La pension alimentaire La pension alimentaire\u2026","_links":{"self":[{"href":"https:\/\/srv-juriste-victimes.fr\/index.php\/wp-json\/wp\/v2\/posts\/1720","targetHints":{"allow":["GET"]}}],"collection":[{"href":"https:\/\/srv-juriste-victimes.fr\/index.php\/wp-json\/wp\/v2\/posts"}],"about":[{"href":"https:\/\/srv-juriste-victimes.fr\/index.php\/wp-json\/wp\/v2\/types\/post"}],"author":[{"embeddable":true,"href":"https:\/\/srv-juriste-victimes.fr\/index.php\/wp-json\/wp\/v2\/users\/3"}],"replies":[{"embeddable":true,"href":"https:\/\/srv-juriste-victimes.fr\/index.php\/wp-json\/wp\/v2\/comments?post=1720"}],"version-history":[{"count":8,"href":"https:\/\/srv-juriste-victimes.fr\/index.php\/wp-json\/wp\/v2\/posts\/1720\/revisions"}],"predecessor-version":[{"id":2273,"href":"https:\/\/srv-juriste-victimes.fr\/index.php\/wp-json\/wp\/v2\/posts\/1720\/revisions\/2273"}],"wp:featuredmedia":[{"embeddable":true,"href":"https:\/\/srv-juriste-victimes.fr\/index.php\/wp-json\/wp\/v2\/media\/1719"}],"wp:attachment":[{"href":"https:\/\/srv-juriste-victimes.fr\/index.php\/wp-json\/wp\/v2\/media?parent=1720"}],"wp:term":[{"taxonomy":"category","embeddable":true,"href":"https:\/\/srv-juriste-victimes.fr\/index.php\/wp-json\/wp\/v2\/categories?post=1720"},{"taxonomy":"post_tag","embeddable":true,"href":"https:\/\/srv-juriste-victimes.fr\/index.php\/wp-json\/wp\/v2\/tags?post=1720"}],"curies":[{"name":"wp","href":"https:\/\/api.w.org\/{rel}","templated":true}]}}