{"id":1787,"date":"2024-10-01T12:14:58","date_gmt":"2024-10-01T10:14:58","guid":{"rendered":"https:\/\/srv-juriste-victimes.fr\/?p=1787"},"modified":"2026-02-24T10:46:20","modified_gmt":"2026-02-24T09:46:20","slug":"la-vie-privee-des-salariees-qui-vivent-des-violences-conjugales-regarde-t-elle-les-employeurs","status":"publish","type":"post","link":"https:\/\/srv-juriste-victimes.fr\/index.php\/2024\/10\/01\/la-vie-privee-des-salariees-qui-vivent-des-violences-conjugales-regarde-t-elle-les-employeurs\/","title":{"rendered":"La vie priv\u00e9e des salari\u00e9(e)s qui vivent des violences conjugales regarde-t-elle les employeurs ?"},"content":{"rendered":"\n<div class=\"wp-block-uagb-container uagb-block-937bba78 alignfull uagb-is-root-container\"><div class=\"uagb-container-inner-blocks-wrap\">\n<div class=\"wp-block-uagb-image alignleft uagb-block-b8268b3b wp-block-uagb-image--layout-default wp-block-uagb-image--effect-static wp-block-uagb-image--align-left\"><figure class=\"wp-block-uagb-image__figure\"><img decoding=\"async\" srcset=\"https:\/\/srv-juriste-victimes.fr\/wp-content\/uploads\/2024\/10\/pexels-sora-shimazaki-5673502-600x309-1.jpg ,https:\/\/srv-juriste-victimes.fr\/wp-content\/uploads\/2024\/10\/pexels-sora-shimazaki-5673502-600x309-1.jpg 780w, https:\/\/srv-juriste-victimes.fr\/wp-content\/uploads\/2024\/10\/pexels-sora-shimazaki-5673502-600x309-1.jpg 360w\" sizes=\"auto, (max-width: 480px) 150px\" src=\"https:\/\/srv-juriste-victimes.fr\/wp-content\/uploads\/2024\/10\/pexels-sora-shimazaki-5673502-600x309-1.jpg\" alt=\"La vie priv\u00e9e des salari\u00e9(e)s qui vivent des violences conjugales regarde-t-elle les employeurs ?\" class=\"uag-image-1789\" width=\"600\" height=\"309\" title=\"pexels-sora-shimazaki-5673502-600x309\" loading=\"lazy\" role=\"img\"\/><\/figure><\/div>\n<\/div><\/div>\n\n\n\n<div class=\"wp-block-uagb-container uagb-block-ae9b18b7 alignfull uagb-is-root-container\"><div class=\"uagb-container-inner-blocks-wrap\">\n<p class=\"has-small-font-size\" style=\"font-style:normal;font-weight:800;line-height:2\">Bien que le cadre l\u00e9gal en France ne soit pas toujours clair sur la gestion des violences conjugales au travail, certaines obligations g\u00e9n\u00e9rales existent.<\/p>\n\n\n\n<div class=\"wp-block-uagb-advanced-heading uagb-block-08fe8e21\"><h2 class=\"uagb-heading-text\">Respect de la vie priv\u00e9e des salari\u00e9s<\/h2><\/div>\n\n\n\n<p class=\"has-small-font-size\" style=\"line-height:2\">La vie priv\u00e9e des salari\u00e9s est prot\u00e9g\u00e9e par la loi, et les employeurs doivent respecter cette confidentialit\u00e9. Les employeurs n&rsquo;ont pas le droit de s&rsquo;immiscer dans la vie priv\u00e9e de leurs salari\u00e9s sans une raison l\u00e9gitime et proportionn\u00e9e.<\/p>\n\n\n\n<div class=\"wp-block-uagb-advanced-heading uagb-block-85f48117\"><h2 class=\"uagb-heading-text\">Obligation de s\u00e9curit\u00e9 de l\u2019employeur<\/h2><\/div>\n\n\n\n<p class=\"has-small-font-size\" style=\"line-height:2\">L&rsquo;article L.4121-1 du Code du travail impose \u00e0 l&#8217;employeur une obligation d&rsquo;assurer la s\u00e9curit\u00e9 et de prot\u00e9ger la sant\u00e9 physique et mentale des salari\u00e9s.<\/p>\n\n\n\n<p class=\"has-small-font-size\" style=\"line-height:2\">Cette obligation peut inclure la prise en compte des situations de violence conjugale lorsque celles-ci ont un impact direct sur le lieu de travail.<\/p>\n\n\n\n<div class=\"wp-block-uagb-advanced-heading uagb-block-edd328d7\"><h2 class=\"uagb-heading-text\">Pr\u00e9vention du harc\u00e8lement<\/h2><\/div>\n\n\n\n<p class=\"has-small-font-size\" style=\"line-height:2\">Les articles L.1152-1 et L.1153-1 du Code du travail imposent \u00e9galement une obligation sp\u00e9cifique de pr\u00e9vention du harc\u00e8lement moral et sexuel.<\/p>\n\n\n\n<div class=\"wp-block-uagb-advanced-heading uagb-block-61001be0\"><h2 class=\"uagb-heading-text\">Responsabilit\u00e9 Soci\u00e9tale des Entreprises (RSE)<\/h2><\/div>\n\n\n\n<p class=\"has-small-font-size\" style=\"line-height:2\">La RSE englobe les initiatives volontaires des entreprises pour int\u00e9grer des pr\u00e9occupations sociales, environnementales et \u00e9conomiques.<\/p>\n\n\n\n<p class=\"has-small-font-size\" style=\"line-height:2\">La prise en charge des violences conjugales peut \u00eatre int\u00e9gr\u00e9e au titre de la politique de RSE d&rsquo;une entreprise.<\/p>\n\n\n\n<div class=\"wp-block-uagb-advanced-heading uagb-block-15045328\"><h2 class=\"uagb-heading-text\">Responsabilit\u00e9 en cas de violences conjugales sur le lieu de Travail<\/h2><\/div>\n\n\n\n<p class=\"has-small-font-size\" style=\"line-height:2\">Un arr\u00eat de la Cour d&rsquo;appel de Besan\u00e7on (6 d\u00e9cembre 2018) a estim\u00e9 qu&rsquo;un employeur inform\u00e9 de violences conjugales subies par une salari\u00e9e sur son lieu de travail aurait d\u00fb prendre des mesures de pr\u00e9vention et de protection adapt\u00e9es.<\/p>\n\n\n\n<p class=\"has-small-font-size\" style=\"line-height:2\"><strong>Bien que la vie priv\u00e9e des salari\u00e9(e)s doive \u00eatre respect\u00e9e, les employeurs ont une responsabilit\u00e9 en mati\u00e8re de s\u00e9curit\u00e9 et de bien-\u00eatre au travail.<\/strong><\/p>\n\n\n\n<p class=\"has-small-font-size\" style=\"line-height:2\"><strong>Ils doivent \u00eatre proactifs et mettre en place des mesures appropri\u00e9es pour soutenir les salari\u00e9s victimes de violences conjugales, tout en respectant leur confidentialit\u00e9.<\/strong><\/p>\n\n\n\n<div class=\"wp-block-uagb-advanced-heading uagb-block-e2ec7da9\"><h2 class=\"uagb-heading-text\">Employeurs, \u00e9lus du CSE<\/h2><\/div>\n\n\n\n<p class=\"has-small-font-size\" style=\"line-height:2\">Un (e) salari\u00e9 (e) vit une situation de violences conjugales et vous ne savez pas quoi faire, quoi dire, vers qui orienter ?<\/p>\n\n\n\n<p class=\"has-small-font-size\" style=\"line-height:2\">Vous souhaitez pr\u00e9venir, rep\u00e9rer, comprendre les m\u00e9canismes de violences conjugales et leurs cons\u00e9quences ?<\/p>\n\n\n\n<div class=\"wp-block-uagb-advanced-heading uagb-block-821dad6d\"><h2 class=\"uagb-heading-text\">Je vous propose selon vos besoins<\/h2><\/div>\n\n\n\n<div class=\"wp-block-uagb-icon-list uagb-block-9e7b3ee8\"><div class=\"uagb-icon-list__wrap\">\n<div class=\"wp-block-uagb-icon-list-child uagb-block-02c9c0a2\"><span class=\"uagb-icon-list__source-wrap\"><svg xmlns=\"https:\/\/www.w3.org\/2000\/svg\" viewBox=\"0 0 512 512\"><path d=\"M256 0C114.6 0 0 114.6 0 256c0 141.4 114.6 256 256 256s256-114.6 256-256C512 114.6 397.4 0 256 0zM406.6 278.6l-103.1 103.1c-12.5 12.5-32.75 12.5-45.25 0s-12.5-32.75 0-45.25L306.8 288H128C110.3 288 96 273.7 96 256s14.31-32 32-32h178.8l-49.38-49.38c-12.5-12.5-12.5-32.75 0-45.25s32.75-12.5 45.25 0l103.1 103.1C414.6 241.3 416 251.1 416 256C416 260.9 414.6 270.7 406.6 278.6z\"><\/path><\/svg><\/span><span class=\"uagb-icon-list__label\">1 sensibilisation juridique &amp; victimologique de 2h<\/span><\/div>\n\n\n\n<div class=\"wp-block-uagb-icon-list-child uagb-block-27883fc5\"><span class=\"uagb-icon-list__source-wrap\"><svg xmlns=\"https:\/\/www.w3.org\/2000\/svg\" viewBox=\"0 0 512 512\"><path d=\"M256 0C114.6 0 0 114.6 0 256c0 141.4 114.6 256 256 256s256-114.6 256-256C512 114.6 397.4 0 256 0zM406.6 278.6l-103.1 103.1c-12.5 12.5-32.75 12.5-45.25 0s-12.5-32.75 0-45.25L306.8 288H128C110.3 288 96 273.7 96 256s14.31-32 32-32h178.8l-49.38-49.38c-12.5-12.5-12.5-32.75 0-45.25s32.75-12.5 45.25 0l103.1 103.1C414.6 241.3 416 251.1 416 256C416 260.9 414.6 270.7 406.6 278.6z\"><\/path><\/svg><\/span><span class=\"uagb-icon-list__label\">1 guide pratique sur les bases \u00e0 conna\u00eetre<\/span><\/div>\n\n\n\n<div class=\"wp-block-uagb-icon-list-child uagb-block-d7e97be1\"><span class=\"uagb-icon-list__source-wrap\"><svg xmlns=\"https:\/\/www.w3.org\/2000\/svg\" viewBox=\"0 0 512 512\"><path d=\"M256 0C114.6 0 0 114.6 0 256c0 141.4 114.6 256 256 256s256-114.6 256-256C512 114.6 397.4 0 256 0zM406.6 278.6l-103.1 103.1c-12.5 12.5-32.75 12.5-45.25 0s-12.5-32.75 0-45.25L306.8 288H128C110.3 288 96 273.7 96 256s14.31-32 32-32h178.8l-49.38-49.38c-12.5-12.5-12.5-32.75 0-45.25s32.75-12.5 45.25 0l103.1 103.1C414.6 241.3 416 251.1 416 256C416 260.9 414.6 270.7 406.6 278.6z\"><\/path><\/svg><\/span><span class=\"uagb-icon-list__label\">1 accompagnement sur mesure dans vos locaux ou \u00e0 distance<\/span><\/div>\n<\/div><\/div>\n\n\n\n<div class=\"wp-block-uagb-buttons uagb-buttons__outer-wrap uagb-btn__default-btn uagb-btn-tablet__default-btn uagb-btn-mobile__default-btn uagb-block-1a6d9aa0\"><div class=\"uagb-buttons__wrap uagb-buttons-layout-wrap \">\n<div class=\"wp-block-uagb-buttons-child uagb-buttons__outer-wrap uagb-block-9394d229 wp-block-button\"><div class=\"uagb-button__wrapper\"><a class=\"uagb-buttons-repeater wp-block-button__link\" aria-label=\"\" href=\"https:\/\/srv-juriste-victimes.fr\/index.php\/me-contacter\/\" rel=\"follow noopener\" target=\"_self\" role=\"button\"><div class=\"uagb-button__link\">Je contacte<\/div><span class=\"uagb-button__icon uagb-button__icon-position-after\"><svg xmlns=\"https:\/\/www.w3.org\/2000\/svg\" viewBox=\"0 0 448 512\" aria-hidden=\"true\" focussable=\"false\"><path d=\"M438.6 278.6l-160 160C272.4 444.9 264.2 448 256 448s-16.38-3.125-22.62-9.375c-12.5-12.5-12.5-32.75 0-45.25L338.8 288H32C14.33 288 .0016 273.7 .0016 256S14.33 224 32 224h306.8l-105.4-105.4c-12.5-12.5-12.5-32.75 0-45.25s32.75-12.5 45.25 0l160 160C451.1 245.9 451.1 266.1 438.6 278.6z\"><\/path><\/svg><\/span><\/a><\/div><\/div>\n<\/div><\/div>\n<\/div><\/div>\n\n\n\n\t\t\t<div class=\"wp-block-uagb-post-carousel uagb-post-grid  uagb-post__image-position-background uagb-post__image-enabled uagb-block-afcf7b5b     uagb-post__arrow-outside uagb-slick-carousel uagb-post__items uagb-post__columns-3 is-carousel uagb-post__columns-tablet-2 uagb-post__columns-mobile-1 uagb-post__carousel_equal-height\" data-total=\"4\" style=\"\">\n\n\t\t\t\t\t\t\t\t\t\t\t\t<article class=\"uagb-post__inner-wrap\">\t\t\t\t\t\t\t\t<h4 class=\"uagb-post__title uagb-post__text\">\n\t\t\t\t<a href=\"https:\/\/srv-juriste-victimes.fr\/index.php\/2026\/02\/23\/relier-transmettre-faire-evoluer-les-pratiques-un-role-de-trait-dunion\/\" target=\"_self\" rel=\"bookmark noopener noreferrer\">Relier, transmettre, faire \u00e9voluer les pratiques : un r\u00f4le de trait d&rsquo;union<\/a>\n\t\t\t<\/h4>\n\t\t\t\t\t\t<div class='uagb-post__text uagb-post-grid-byline'>\n\t\t\t\t\t\t\t\t<time datetime=\"2026-02-23T16:41:00+01:00\" class=\"uagb-post__date\">\n\t\t\t\t<span class=\"dashicons-calendar dashicons\"><\/span>\t\t\t\t\t23 f\u00e9vrier 2026\t\t\t\t<\/time>\n\t\t\t\t\t\t\t<span class=\"uagb-post__comment\">\n\t\t\t\t<span class=\"dashicons-admin-comments dashicons\"><\/span>\t\t\t\t\tAucun commentaire\t\t\t\t<\/span>\n\t\t\t\t\t\t<\/div>\n\t\t\t\t\t\t<div class=\"uagb-post__text uagb-post__cta wp-block-button\">\n\t\t\t\t<a class=\"wp-block-button__link uagb-text-link\" style=\"\" href=\"https:\/\/srv-juriste-victimes.fr\/index.php\/2026\/02\/23\/relier-transmettre-faire-evoluer-les-pratiques-un-role-de-trait-dunion\/\" target=\"_self\" rel=\"bookmark noopener noreferrer\">Lire la suite<\/a>\n\t\t\t<\/div>\n\t\t\t\t\t\t<div class='uagb-post__image'>\n\t\t\t\t\t\t\t<\/div>\n\t\t\t\n\t\t\t\t\t\t\t\t\t<\/article>\n\t\t\t\t\t\t\t\t\t\t\t\t\t\t\t\t<article class=\"uagb-post__inner-wrap\">\t\t\t\t\t\t\t\t<h4 class=\"uagb-post__title uagb-post__text\">\n\t\t\t\t<a href=\"https:\/\/srv-juriste-victimes.fr\/index.php\/2026\/02\/23\/accompagner-les-victimes-pas-a-pas-le-coeur-du-metier-de-juriste-specialisee-en-victimologie\/\" target=\"_self\" rel=\"bookmark noopener noreferrer\">Accompagner les victimes pas \u00e0 pas : le c\u0153ur du m\u00e9tier de juriste sp\u00e9cialis\u00e9e en victimologie<\/a>\n\t\t\t<\/h4>\n\t\t\t\t\t\t<div class='uagb-post__text uagb-post-grid-byline'>\n\t\t\t\t\t\t\t\t<time datetime=\"2026-02-23T16:40:40+01:00\" class=\"uagb-post__date\">\n\t\t\t\t<span class=\"dashicons-calendar dashicons\"><\/span>\t\t\t\t\t23 f\u00e9vrier 2026\t\t\t\t<\/time>\n\t\t\t\t\t\t\t<span class=\"uagb-post__comment\">\n\t\t\t\t<span class=\"dashicons-admin-comments dashicons\"><\/span>\t\t\t\t\tAucun commentaire\t\t\t\t<\/span>\n\t\t\t\t\t\t<\/div>\n\t\t\t\t\t\t<div class=\"uagb-post__text uagb-post__cta wp-block-button\">\n\t\t\t\t<a class=\"wp-block-button__link uagb-text-link\" style=\"\" href=\"https:\/\/srv-juriste-victimes.fr\/index.php\/2026\/02\/23\/accompagner-les-victimes-pas-a-pas-le-coeur-du-metier-de-juriste-specialisee-en-victimologie\/\" target=\"_self\" rel=\"bookmark noopener noreferrer\">Lire la suite<\/a>\n\t\t\t<\/div>\n\t\t\t\t\t\t<div class='uagb-post__image'>\n\t\t\t\t\t\t\t<\/div>\n\t\t\t\n\t\t\t\t\t\t\t\t\t<\/article>\n\t\t\t\t\t\t\t\t\t\t\t\t\t\t\t\t<article class=\"uagb-post__inner-wrap\">\t\t\t\t\t\t\t\t<h4 class=\"uagb-post__title uagb-post__text\">\n\t\t\t\t<a href=\"https:\/\/srv-juriste-victimes.fr\/index.php\/2026\/02\/23\/juriste-specialisee-en-victimologie-un-engagement-un-parcours-une-vocation\/\" target=\"_self\" rel=\"bookmark noopener noreferrer\">Juriste sp\u00e9cialis\u00e9e en victimologie : un engagement, un parcours, une vocation<\/a>\n\t\t\t<\/h4>\n\t\t\t\t\t\t<div class='uagb-post__text uagb-post-grid-byline'>\n\t\t\t\t\t\t\t\t<time datetime=\"2026-02-23T16:39:31+01:00\" class=\"uagb-post__date\">\n\t\t\t\t<span class=\"dashicons-calendar dashicons\"><\/span>\t\t\t\t\t23 f\u00e9vrier 2026\t\t\t\t<\/time>\n\t\t\t\t\t\t\t<span class=\"uagb-post__comment\">\n\t\t\t\t<span class=\"dashicons-admin-comments dashicons\"><\/span>\t\t\t\t\tAucun commentaire\t\t\t\t<\/span>\n\t\t\t\t\t\t<\/div>\n\t\t\t\t\t\t<div class=\"uagb-post__text uagb-post__cta wp-block-button\">\n\t\t\t\t<a class=\"wp-block-button__link uagb-text-link\" style=\"\" href=\"https:\/\/srv-juriste-victimes.fr\/index.php\/2026\/02\/23\/juriste-specialisee-en-victimologie-un-engagement-un-parcours-une-vocation\/\" target=\"_self\" rel=\"bookmark noopener noreferrer\">Lire la suite<\/a>\n\t\t\t<\/div>\n\t\t\t\t\t\t<div class='uagb-post__image'>\n\t\t\t\t\t\t\t<\/div>\n\t\t\t\n\t\t\t\t\t\t\t\t\t<\/article>\n\t\t\t\t\t\t\t\t\t\t\t\t\t\t\t\t<article class=\"uagb-post__inner-wrap\">\t\t\t\t\t\t\t\t<h4 class=\"uagb-post__title uagb-post__text\">\n\t\t\t\t<a href=\"https:\/\/srv-juriste-victimes.fr\/index.php\/2025\/01\/26\/devoir-conjugal-viol-conjugal-divorce-pour-faute\/\" target=\"_self\" rel=\"bookmark noopener noreferrer\">Devoir conjugal, viol conjugal, divorce pour faute<\/a>\n\t\t\t<\/h4>\n\t\t\t\t\t\t<div class='uagb-post__text uagb-post-grid-byline'>\n\t\t\t\t\t\t\t\t<time datetime=\"2025-01-26T12:55:30+01:00\" class=\"uagb-post__date\">\n\t\t\t\t<span class=\"dashicons-calendar dashicons\"><\/span>\t\t\t\t\t26 janvier 2025\t\t\t\t<\/time>\n\t\t\t\t\t\t\t<span class=\"uagb-post__comment\">\n\t\t\t\t<span class=\"dashicons-admin-comments dashicons\"><\/span>\t\t\t\t\tAucun commentaire\t\t\t\t<\/span>\n\t\t\t\t\t\t<\/div>\n\t\t\t\t\t\t<div class=\"uagb-post__text uagb-post__cta wp-block-button\">\n\t\t\t\t<a class=\"wp-block-button__link uagb-text-link\" style=\"\" href=\"https:\/\/srv-juriste-victimes.fr\/index.php\/2025\/01\/26\/devoir-conjugal-viol-conjugal-divorce-pour-faute\/\" target=\"_self\" rel=\"bookmark noopener noreferrer\">Lire la suite<\/a>\n\t\t\t<\/div>\n\t\t\t\t\t\t<div class='uagb-post__image'>\n\t\t\t\t\t\t\t<\/div>\n\t\t\t\n\t\t\t\t\t\t\t\t\t<\/article>\n\t\t\t\t\t\t\t\t\t\t\t\t\t\t\t\t<article class=\"uagb-post__inner-wrap\">\t\t\t\t\t\t\t\t<h4 class=\"uagb-post__title uagb-post__text\">\n\t\t\t\t<a href=\"https:\/\/srv-juriste-victimes.fr\/index.php\/2024\/11\/05\/les-violences-conjugales-ca-concerne-qui\/\" target=\"_self\" rel=\"bookmark noopener noreferrer\">Les violences conjugales, \u00e7a concerne qui ?<\/a>\n\t\t\t<\/h4>\n\t\t\t\t\t\t<div class='uagb-post__text uagb-post-grid-byline'>\n\t\t\t\t\t\t\t\t<time datetime=\"2024-11-05T14:12:29+01:00\" class=\"uagb-post__date\">\n\t\t\t\t<span class=\"dashicons-calendar dashicons\"><\/span>\t\t\t\t\t5 novembre 2024\t\t\t\t<\/time>\n\t\t\t\t\t\t\t<span class=\"uagb-post__comment\">\n\t\t\t\t<span class=\"dashicons-admin-comments dashicons\"><\/span>\t\t\t\t\tAucun commentaire\t\t\t\t<\/span>\n\t\t\t\t\t\t<\/div>\n\t\t\t\t\t\t<div class=\"uagb-post__text uagb-post__cta wp-block-button\">\n\t\t\t\t<a class=\"wp-block-button__link uagb-text-link\" style=\"\" href=\"https:\/\/srv-juriste-victimes.fr\/index.php\/2024\/11\/05\/les-violences-conjugales-ca-concerne-qui\/\" target=\"_self\" rel=\"bookmark noopener noreferrer\">Lire la suite<\/a>\n\t\t\t<\/div>\n\t\t\t\t\t\t<div class='uagb-post__image'>\n\t\t\t\t\t\t\t\t\t<a href=\"https:\/\/srv-juriste-victimes.fr\/index.php\/2024\/11\/05\/les-violences-conjugales-ca-concerne-qui\/\" target=\"_self\" rel=\"bookmark noopener noreferrer\"><img loading=\"lazy\" decoding=\"async\" width=\"150\" height=\"150\" src=\"https:\/\/srv-juriste-victimes.fr\/wp-content\/uploads\/2024\/11\/pexels-alex-green-5699466-150x150.jpg\" class=\"attachment-thumbnail size-thumbnail\" alt=\"Les violences conjugales, \u00e7a concerne qui ?\" \/>\t\t\t\t\t<\/a>\n\t\t\t\t\t\t\t\t\t<\/div>\n\t\t\t\n\t\t\t\t\t\t\t\t\t<\/article>\n\t\t\t\t\t\t\t\t\t\t\t\t\t\t\t\t<article class=\"uagb-post__inner-wrap\">\t\t\t\t\t\t\t\t<h4 class=\"uagb-post__title uagb-post__text\">\n\t\t\t\t<a href=\"https:\/\/srv-juriste-victimes.fr\/index.php\/2024\/11\/05\/connaissez-vous-les-violences-conjugales-economiques-que-vivent-certains-salaries\/\" target=\"_self\" rel=\"bookmark noopener noreferrer\">Connaissez-vous les violences conjugales \u00e9conomiques que vivent certains salari\u00e9s ?<\/a>\n\t\t\t<\/h4>\n\t\t\t\t\t\t<div class='uagb-post__text uagb-post-grid-byline'>\n\t\t\t\t\t\t\t\t<time datetime=\"2024-11-05T13:38:51+01:00\" class=\"uagb-post__date\">\n\t\t\t\t<span class=\"dashicons-calendar dashicons\"><\/span>\t\t\t\t\t5 novembre 2024\t\t\t\t<\/time>\n\t\t\t\t\t\t\t<span class=\"uagb-post__comment\">\n\t\t\t\t<span class=\"dashicons-admin-comments dashicons\"><\/span>\t\t\t\t\tAucun commentaire\t\t\t\t<\/span>\n\t\t\t\t\t\t<\/div>\n\t\t\t\t\t\t<div class=\"uagb-post__text uagb-post__cta wp-block-button\">\n\t\t\t\t<a class=\"wp-block-button__link uagb-text-link\" style=\"\" href=\"https:\/\/srv-juriste-victimes.fr\/index.php\/2024\/11\/05\/connaissez-vous-les-violences-conjugales-economiques-que-vivent-certains-salaries\/\" target=\"_self\" rel=\"bookmark noopener noreferrer\">Lire la suite<\/a>\n\t\t\t<\/div>\n\t\t\t\t\t\t<div class='uagb-post__image'>\n\t\t\t\t\t\t\t\t\t<a href=\"https:\/\/srv-juriste-victimes.fr\/index.php\/2024\/11\/05\/connaissez-vous-les-violences-conjugales-economiques-que-vivent-certains-salaries\/\" target=\"_self\" rel=\"bookmark noopener noreferrer\"><img loading=\"lazy\" decoding=\"async\" width=\"150\" height=\"150\" src=\"https:\/\/srv-juriste-victimes.fr\/wp-content\/uploads\/2024\/11\/pexels-pixabay-259165-150x150.jpg\" class=\"attachment-thumbnail size-thumbnail\" alt=\"Violence \u00e9conomique\" \/>\t\t\t\t\t<\/a>\n\t\t\t\t\t\t\t\t\t<\/div>\n\t\t\t\n\t\t\t\t\t\t\t\t\t<\/article>\n\t\t\t\t\t\t\t\t\t\t\t<\/div>\n\t\t\t","protected":false},"excerpt":{"rendered":"<p>Bien que le cadre l\u00e9gal en France ne soit pas toujours clair sur la gestion des violences conjugales au travail, certaines obligations g\u00e9n\u00e9rales existent. Respect de la vie priv\u00e9e des salari\u00e9s La vie priv\u00e9e des salari\u00e9s est prot\u00e9g\u00e9e par la loi, et les employeurs doivent respecter cette confidentialit\u00e9. Les employeurs n&rsquo;ont pas le droit de [&hellip;]<\/p>\n","protected":false},"author":3,"featured_media":1789,"comment_status":"open","ping_status":"open","sticky":false,"template":"","format":"standard","meta":{"_acf_changed":false,"_seopress_robots_primary_cat":"","_seopress_titles_title":"La vie priv\u00e9e des salari\u00e9(e)s qui vivent des violences conjugales regarde-t-elle les employeurs ?","_seopress_titles_desc":"Bien que le cadre l\u00e9gal en France ne soit pas toujours clair sur la gestion des violences conjugales au travail, certaines obligations g\u00e9n\u00e9rales existent. Respect de la vie priv\u00e9e des salari\u00e9s La vie priv\u00e9e des salari\u00e9s est prot\u00e9g\u00e9e par la loi, et les employeurs doivent respecter cette confidentialit\u00e9. Les employeurs\u2026","_seopress_robots_index":"","_uag_custom_page_level_css":"","site-sidebar-layout":"default","site-content-layout":"","ast-site-content-layout":"default","site-content-style":"default","site-sidebar-style":"default","ast-global-header-display":"","ast-banner-title-visibility":"","ast-main-header-display":"","ast-hfb-above-header-display":"","ast-hfb-below-header-display":"","ast-hfb-mobile-header-display":"","site-post-title":"","ast-breadcrumbs-content":"","ast-featured-img":"","footer-sml-layout":"","ast-disable-related-posts":"","theme-transparent-header-meta":"","adv-header-id-meta":"","stick-header-meta":"","header-above-stick-meta":"","header-main-stick-meta":"","header-below-stick-meta":"","astra-migrate-meta-layouts":"set","ast-page-background-enabled":"default","ast-page-background-meta":{"desktop":{"background-color":"var(--ast-global-color-4)","background-image":"","background-repeat":"repeat","background-position":"center center","background-size":"auto","background-attachment":"scroll","background-type":"","background-media":"","overlay-type":"","overlay-color":"","overlay-opacity":"","overlay-gradient":""},"tablet":{"background-color":"","background-image":"","background-repeat":"repeat","background-position":"center center","background-size":"auto","background-attachment":"scroll","background-type":"","background-media":"","overlay-type":"","overlay-color":"","overlay-opacity":"","overlay-gradient":""},"mobile":{"background-color":"","background-image":"","background-repeat":"repeat","background-position":"center center","background-size":"auto","background-attachment":"scroll","background-type":"","background-media":"","overlay-type":"","overlay-color":"","overlay-opacity":"","overlay-gradient":""}},"ast-content-background-meta":{"desktop":{"background-color":"var(--ast-global-color-5)","background-image":"","background-repeat":"repeat","background-position":"center center","background-size":"auto","background-attachment":"scroll","background-type":"","background-media":"","overlay-type":"","overlay-color":"","overlay-opacity":"","overlay-gradient":""},"tablet":{"background-color":"var(--ast-global-color-5)","background-image":"","background-repeat":"repeat","background-position":"center center","background-size":"auto","background-attachment":"scroll","background-type":"","background-media":"","overlay-type":"","overlay-color":"","overlay-opacity":"","overlay-gradient":""},"mobile":{"background-color":"var(--ast-global-color-5)","background-image":"","background-repeat":"repeat","background-position":"center center","background-size":"auto","background-attachment":"scroll","background-type":"","background-media":"","overlay-type":"","overlay-color":"","overlay-opacity":"","overlay-gradient":""}},"footnotes":""},"categories":[10],"tags":[],"class_list":["post-1787","post","type-post","status-publish","format-standard","has-post-thumbnail","hentry","category-violences-conjugales"],"acf":[],"uagb_featured_image_src":{"full":["https:\/\/srv-juriste-victimes.fr\/wp-content\/uploads\/2024\/10\/pexels-sora-shimazaki-5673502-600x309-1.jpg",600,309,false],"thumbnail":["https:\/\/srv-juriste-victimes.fr\/wp-content\/uploads\/2024\/10\/pexels-sora-shimazaki-5673502-600x309-1-150x150.jpg",150,150,true],"medium":["https:\/\/srv-juriste-victimes.fr\/wp-content\/uploads\/2024\/10\/pexels-sora-shimazaki-5673502-600x309-1-300x155.jpg",300,155,true],"medium_large":["https:\/\/srv-juriste-victimes.fr\/wp-content\/uploads\/2024\/10\/pexels-sora-shimazaki-5673502-600x309-1.jpg",600,309,false],"large":["https:\/\/srv-juriste-victimes.fr\/wp-content\/uploads\/2024\/10\/pexels-sora-shimazaki-5673502-600x309-1.jpg",600,309,false],"1536x1536":["https:\/\/srv-juriste-victimes.fr\/wp-content\/uploads\/2024\/10\/pexels-sora-shimazaki-5673502-600x309-1.jpg",600,309,false],"2048x2048":["https:\/\/srv-juriste-victimes.fr\/wp-content\/uploads\/2024\/10\/pexels-sora-shimazaki-5673502-600x309-1.jpg",600,309,false]},"uagb_author_info":{"display_name":"SRV","author_link":"https:\/\/srv-juriste-victimes.fr\/index.php\/author\/srv\/"},"uagb_comment_info":0,"uagb_excerpt":"Bien que le cadre l\u00e9gal en France ne soit pas toujours clair sur la gestion des violences conjugales au travail, certaines obligations g\u00e9n\u00e9rales existent. Respect de la vie priv\u00e9e des salari\u00e9s La vie priv\u00e9e des salari\u00e9s est prot\u00e9g\u00e9e par la loi, et les employeurs doivent respecter cette confidentialit\u00e9. Les employeurs n&rsquo;ont pas le droit de\u2026","_links":{"self":[{"href":"https:\/\/srv-juriste-victimes.fr\/index.php\/wp-json\/wp\/v2\/posts\/1787","targetHints":{"allow":["GET"]}}],"collection":[{"href":"https:\/\/srv-juriste-victimes.fr\/index.php\/wp-json\/wp\/v2\/posts"}],"about":[{"href":"https:\/\/srv-juriste-victimes.fr\/index.php\/wp-json\/wp\/v2\/types\/post"}],"author":[{"embeddable":true,"href":"https:\/\/srv-juriste-victimes.fr\/index.php\/wp-json\/wp\/v2\/users\/3"}],"replies":[{"embeddable":true,"href":"https:\/\/srv-juriste-victimes.fr\/index.php\/wp-json\/wp\/v2\/comments?post=1787"}],"version-history":[{"count":16,"href":"https:\/\/srv-juriste-victimes.fr\/index.php\/wp-json\/wp\/v2\/posts\/1787\/revisions"}],"predecessor-version":[{"id":2277,"href":"https:\/\/srv-juriste-victimes.fr\/index.php\/wp-json\/wp\/v2\/posts\/1787\/revisions\/2277"}],"wp:featuredmedia":[{"embeddable":true,"href":"https:\/\/srv-juriste-victimes.fr\/index.php\/wp-json\/wp\/v2\/media\/1789"}],"wp:attachment":[{"href":"https:\/\/srv-juriste-victimes.fr\/index.php\/wp-json\/wp\/v2\/media?parent=1787"}],"wp:term":[{"taxonomy":"category","embeddable":true,"href":"https:\/\/srv-juriste-victimes.fr\/index.php\/wp-json\/wp\/v2\/categories?post=1787"},{"taxonomy":"post_tag","embeddable":true,"href":"https:\/\/srv-juriste-victimes.fr\/index.php\/wp-json\/wp\/v2\/tags?post=1787"}],"curies":[{"name":"wp","href":"https:\/\/api.w.org\/{rel}","templated":true}]}}